{"id":2613,"date":"2025-06-18T16:14:00","date_gmt":"2025-06-18T16:14:00","guid":{"rendered":"https:\/\/faranduliandopty.com\/farandula\/?p=2613"},"modified":"2025-06-19T18:15:47","modified_gmt":"2025-06-19T18:15:47","slug":"el-tat-promueve-las-garantias-basicas-y-los-derechos-del-contribuyente-durante-el-v-foro-juridico-nacional","status":"publish","type":"post","link":"https:\/\/faranduliandopty.com\/farandula\/el-tat-promueve-las-garantias-basicas-y-los-derechos-del-contribuyente-durante-el-v-foro-juridico-nacional\/","title":{"rendered":"El TAT promueve las garant\u00edas b\u00e1sicas y los derechos del contribuyente durante el V Foro Jur\u00eddico Nacional"},"content":{"rendered":"\n<p>En cumplimiento de su misi\u00f3n en la promoci\u00f3n de la cultura tributaria y el fortalecimiento de la relaci\u00f3n del tribunal con su p\u00fablico de inter\u00e9s a nivel nacional el Tribunal Administrativo Tributario particip\u00f3 en el V Foro Jur\u00eddico Nacional, \u201c2025 A\u00f1o de la Alfabetizaci\u00f3n Constitucional\u201d, evento organizado por: Servicios Acad\u00e9micos de Panam\u00e1, en conjunto con Universidad Aut\u00f3noma de Chiriqu\u00ed, Universidad Tecnol\u00f3gica OTEIMA, ISAE Universidad, Universidad Internacional Nueva Luz, Universidad Iberoamericana, Universidad Latina de Panam\u00e1 y la Universidad del Istmo.<\/p>\n\n\n\n<p>El encuentro acad\u00e9mico que tuvo lugar del 12 al 14 de junio de 2025, en la provincia de Chiriqu\u00ed, reuni\u00f3 a un selecto grupo de expositores, nacionales e internacionales.<\/p>\n\n\n\n<p>El magistrado presidente Rafael Brown Rangel, la magistrada vicepresidente, Mar\u00eda Elena Moreno De Puy y el mag\u00edster Antonio Jos\u00e9 Osorio, secretario general desarrollaron la conferencia \u201cGarant\u00edas y Derechos de los contribuyentes\u201d.<\/p>\n\n\n\n<p>Durante su intervenci\u00f3n, las autoridades del tribunal dieron a conocer conceptos generales vinculados a la cultura tributaria. De igual manera, explicaron los principios constitucionales que rigen la materia, al tiempo que familiarizaron al auditorio con aspectos del C\u00f3digo de Procedimiento Tributario (CPT) que aluden a las garant\u00edas b\u00e1sicas, derechos de los contribuyentes, derechos procesales y los recursos que pueden presentar ante la vulneraci\u00f3n de ellos.<\/p>\n\n\n\n<p>Los expositores acotaron que \u201cdicho cuerpo legal, otorga al Tribunal Administrativo Tributario el objetivo de garantizar los derechos de los contribuyentes y la igualdad de las partes en la relaci\u00f3n Fisco-Contribuyente\u201d y concluyeron que \u201cconstituye un gran avance en cuanto a la tutela y salvaguarda de los derechos y garant\u00edas de los obligados tributarios, procurando un balance real entre estos y la Administraci\u00f3n Fiscal\u201d.<\/p>\n\n\n\n<p>La participaci\u00f3n del TAT en el V Foro Jur\u00eddico Nacional incluy\u00f3, adem\u00e1s, la atenci\u00f3n al p\u00fablico a trav\u00e9s de un stand informativo, el cual estuvo a cargo de personal de la Secretar\u00eda de Tr\u00e1mites y de la Oficina de Relaciones P\u00fablicas<\/p>\n","protected":false},"excerpt":{"rendered":"<p>En cumplimiento de su misi\u00f3n en la promoci\u00f3n de la cultura tributaria y el fortalecimiento de la relaci\u00f3n del tribunal con su p\u00fablico de<\/p>\n","protected":false},"author":3,"featured_media":2614,"comment_status":"open","ping_status":"open","sticky":false,"template":"","format":"standard","meta":{"footnotes":""},"categories":[113],"tags":[64,116,125,123],"class_list":["post-2613","post","type-post","status-publish","format-standard","has-post-thumbnail","hentry","category-actualidad","tag-entertainment","tag-faranduliandopty","tag-noticias","tag-panama"],"_links":{"self":[{"href":"https:\/\/faranduliandopty.com\/farandula\/wp-json\/wp\/v2\/posts\/2613","targetHints":{"allow":["GET"]}}],"collection":[{"href":"https:\/\/faranduliandopty.com\/farandula\/wp-json\/wp\/v2\/posts"}],"about":[{"href":"https:\/\/faranduliandopty.com\/farandula\/wp-json\/wp\/v2\/types\/post"}],"author":[{"embeddable":true,"href":"https:\/\/faranduliandopty.com\/farandula\/wp-json\/wp\/v2\/users\/3"}],"replies":[{"embeddable":true,"href":"https:\/\/faranduliandopty.com\/farandula\/wp-json\/wp\/v2\/comments?post=2613"}],"version-history":[{"count":1,"href":"https:\/\/faranduliandopty.com\/farandula\/wp-json\/wp\/v2\/posts\/2613\/revisions"}],"predecessor-version":[{"id":2615,"href":"https:\/\/faranduliandopty.com\/farandula\/wp-json\/wp\/v2\/posts\/2613\/revisions\/2615"}],"wp:featuredmedia":[{"embeddable":true,"href":"https:\/\/faranduliandopty.com\/farandula\/wp-json\/wp\/v2\/media\/2614"}],"wp:attachment":[{"href":"https:\/\/faranduliandopty.com\/farandula\/wp-json\/wp\/v2\/media?parent=2613"}],"wp:term":[{"taxonomy":"category","embeddable":true,"href":"https:\/\/faranduliandopty.com\/farandula\/wp-json\/wp\/v2\/categories?post=2613"},{"taxonomy":"post_tag","embeddable":true,"href":"https:\/\/faranduliandopty.com\/farandula\/wp-json\/wp\/v2\/tags?post=2613"}],"curies":[{"name":"wp","href":"https:\/\/api.w.org\/{rel}","templated":true}]}}