{"id":2678,"date":"2025-07-16T16:01:00","date_gmt":"2025-07-16T16:01:00","guid":{"rendered":"https:\/\/faranduliandopty.com\/farandula\/?p=2678"},"modified":"2025-08-20T02:37:38","modified_gmt":"2025-08-20T02:37:38","slug":"premios-juventud-de-televisa-univision-celebrara-el-mes-de-la-herencia-hispana-en-vivo-por-primera-vez-desde-la-ciudad-de-panama","status":"publish","type":"post","link":"https:\/\/faranduliandopty.com\/farandula\/premios-juventud-de-televisa-univision-celebrara-el-mes-de-la-herencia-hispana-en-vivo-por-primera-vez-desde-la-ciudad-de-panama\/","title":{"rendered":"Premios Juventud de Televisa Univision celebrar\u00e1 el Mes de la Herencia Hispana en vivo por primera vez desde la Ciudad de Panam\u00e1"},"content":{"rendered":"\n<p>Univisi\u00f3n anunci\u00f3 hoy que la 22.\u00aa edici\u00f3n de Premios Juventud se llevar\u00e1 a cabo el 25 de septiembre a las 7 p.m. ET \/ 6 p.m. CT, en vivo desde la vibrante Ciudad de Panam\u00e1, Panam\u00e1. Este evento marca un momento hist\u00f3rico, ya que por primera vez el show se celebrar\u00e1 durante el Mes de la Herencia Hispana, destacando la riqueza cultural y el talento de Latinoam\u00e9rica desde una de sus ciudades m\u00e1s din\u00e1micas de la regi\u00f3n. La reconocida presentadora de televisi\u00f3n, actriz y ganadora de un premio Emmy, Clarissa Molina, es la primera presentadora confirmada para esta edici\u00f3n de la premiaci\u00f3n. Las nominaciones de Premios Juventud se anunciar\u00e1n el 19 de agosto, anticipando una noche llena de actuaciones inolvidables, homenajes especiales y orgullo cultural. \u201cNuestra alianza con la Rep\u00fablica de Panam\u00e1 afianza nuestro compromiso de honrar las fortalezas de los pa\u00edses latinoamericanos, que son la ra\u00edz de nuestra comunidad, nuestros valores y tradiciones. La ubicaci\u00f3n estrat\u00e9gica de Panam\u00e1, su cultura vibrante y su diversidad \u00e9tnica la posicionan como un centro clave para la inversi\u00f3n, el turismo y los negocios internacionales. Estamos entusiasmados de celebrar Premios Juventud en Panam\u00e1 este septiembre, como parte de las celebraciones del Mes de laHerencia Hispana, y agradecemos la confianza que depositan en nosotros y la oportunidad de mostrar en distintas latitudes todo lo que este pa\u00eds tiene para ofrecer\u201d, dijo Ignacio Meyer, president of Univision Networks Group at TelevisaUnivision. \u201cPremios Juventud celebra la m\u00fasica, la cultura, la energ\u00eda y las contribuciones de las nuevas generaciones, y este a\u00f1o nos llena de orgullo rendir homenaje a las valiosas contribuciones de los \u00edconos musicales paname\u00f1os, cuyos talentos han dejado un legado que sigue inspirando a las audiencias de hoy\u201d. \u201cLa celebraci\u00f3n de Premios Juventud en Panam\u00e1 es una afirmaci\u00f3n poderosa del rol protag\u00f3nico que ocupa nuestra juventud en la transformaci\u00f3n cultural de la regi\u00f3n. Es una muestra clara de la confianza en nuestro pa\u00eds como un epicentro creativo, vibrante y lleno de posibilidades. Este reconocimiento internacional resalta la fuerza de nuestra identidad, la riqueza de nuestras expresiones art\u00edsticas y el dinamismo de una nueva generaci\u00f3n que construye con valent\u00eda, imaginaci\u00f3n y compromiso. La juventud paname\u00f1a y latinoamericana encontrar\u00e1 aqu\u00ed un espacio para brillar, compartir su voz y fortalecer la conexi\u00f3n entre culturas, g\u00e9neros musicales y causas que unen\u00bb, dijo Maruja Herrera, Ministra de Cultura de la Rep\u00fablica de Panam\u00e1. \u00abPanam\u00e1 recibe este evento con los brazos abiertos, reafirmando su visi\u00f3n de cultura como derecho, motor de desarrollo humano y herramienta para fortalecer el tejido social. Desde nuestras tradiciones hasta nuestras innovaciones, seremos un escenario que inspira, une y celebra la diversidad que nos define. Nos llena de entusiasmo ser anfitriones de esta gran fiesta latinoamericana. En cada acorde, en cada palabra, en cada paso sobre el escenario, se sentir\u00e1 el pulso de un pa\u00eds que cree en el poder de la juventud, en la fuerza del arte y en la cultura como camino hacia un futuro m\u00e1s justo, m\u00e1s creativo y humano. Porque el arte nos une y la cultura nos enriquece. Latinoam\u00e9rica se escucha, se ve y vibra a trav\u00e9s de Premios Juventud, y este a\u00f1o, vibra desde Panam\u00e1\u201d. Gloria de Le\u00f3n, Ministra de Turismo, dijo: \u00abRecibir a Premios Juventud en Panam\u00e1 es un hito para nuestro pa\u00eds y un impulso invaluable para el turismo. Este no es cualquier evento: hablamos de una de las premiaciones m\u00e1s influyentes del mundo latino, que conecta con millones de j\u00f3venes en todo el continente. Que Panam\u00e1 sea la sede este a\u00f1o, es una declaraci\u00f3n de que somos un destino vibrante, moderno y lleno de vida. Desde la Autoridad de Turismo celebramos esta gran oportunidad porque significa exposici\u00f3n global de nuestros paisajes, cultura, gastronom\u00eda y hospitalidad. Cada imagen que salga de Panam\u00e1 en esta transmisi\u00f3n ser\u00e1 una invitaci\u00f3n abierta al mundo para venir a conocernos Me emociona profundamente ver a nuestro pa\u00eds brillar ante tantas miradas. Esta es una plataforma que no solo nos da visibilidad, sino que tambi\u00e9n dinamiza nuestra econom\u00eda tur\u00edstica y consolida a Panam\u00e1 como sede ideal para grandes eventos internacionales. Hoy m\u00e1s que nunca, Panam\u00e1 se siente joven, diversa, y lista para recibir al mundo con los brazos abiertos\u00bb. Este a\u00f1o, el dise\u00f1o gr\u00e1fico de Premios Juventud est\u00e1 inspirado en la Mola, una forma tradicional de arte textil hecho a mano en Panam\u00e1, que forma parte esencial de la vestimenta de las mujeres ind\u00edgenas Guna. Eduardo Bragin, talentoso artista paname\u00f1o del Departamento de Arte de TelevisaUnivision, fue el encargado de crear el arte gr\u00e1fico y el logo del evento. Bragin integr\u00f3 elementos del arte Mola, fusionando el patrimonio cultural con un estilo moderno y din\u00e1mico que representa perfectamente la marca PJ<\/p>\n","protected":false},"excerpt":{"rendered":"<p>Univisi\u00f3n anunci\u00f3 hoy que la 22.\u00aa edici\u00f3n de Premios Juventud se llevar\u00e1 a cabo el 25 de septiembre a las 7 p.m. ET \/<\/p>\n","protected":false},"author":3,"featured_media":2683,"comment_status":"open","ping_status":"open","sticky":false,"template":"","format":"standard","meta":{"footnotes":""},"categories":[113,112],"tags":[],"class_list":["post-2678","post","type-post","status-publish","format-standard","has-post-thumbnail","hentry","category-actualidad","category-farandula"],"_links":{"self":[{"href":"https:\/\/faranduliandopty.com\/farandula\/wp-json\/wp\/v2\/posts\/2678","targetHints":{"allow":["GET"]}}],"collection":[{"href":"https:\/\/faranduliandopty.com\/farandula\/wp-json\/wp\/v2\/posts"}],"about":[{"href":"https:\/\/faranduliandopty.com\/farandula\/wp-json\/wp\/v2\/types\/post"}],"author":[{"embeddable":true,"href":"https:\/\/faranduliandopty.com\/farandula\/wp-json\/wp\/v2\/users\/3"}],"replies":[{"embeddable":true,"href":"https:\/\/faranduliandopty.com\/farandula\/wp-json\/wp\/v2\/comments?post=2678"}],"version-history":[{"count":1,"href":"https:\/\/faranduliandopty.com\/farandula\/wp-json\/wp\/v2\/posts\/2678\/revisions"}],"predecessor-version":[{"id":2679,"href":"https:\/\/faranduliandopty.com\/farandula\/wp-json\/wp\/v2\/posts\/2678\/revisions\/2679"}],"wp:featuredmedia":[{"embeddable":true,"href":"https:\/\/faranduliandopty.com\/farandula\/wp-json\/wp\/v2\/media\/2683"}],"wp:attachment":[{"href":"https:\/\/faranduliandopty.com\/farandula\/wp-json\/wp\/v2\/media?parent=2678"}],"wp:term":[{"taxonomy":"category","embeddable":true,"href":"https:\/\/faranduliandopty.com\/farandula\/wp-json\/wp\/v2\/categories?post=2678"},{"taxonomy":"post_tag","embeddable":true,"href":"https:\/\/faranduliandopty.com\/farandula\/wp-json\/wp\/v2\/tags?post=2678"}],"curies":[{"name":"wp","href":"https:\/\/api.w.org\/{rel}","templated":true}]}}