{"id":2711,"date":"2025-09-03T15:20:02","date_gmt":"2025-09-03T15:20:02","guid":{"rendered":"https:\/\/faranduliandopty.com\/farandula\/?p=2711"},"modified":"2025-09-04T00:20:12","modified_gmt":"2025-09-04T00:20:12","slug":"premios-juventud-honra-a-carlos-vives-y-myke-towers-como-agentes-de-cambio","status":"publish","type":"post","link":"https:\/\/faranduliandopty.com\/farandula\/premios-juventud-honra-a-carlos-vives-y-myke-towers-como-agentes-de-cambio\/","title":{"rendered":"Premios Juventud honra a Carlos Vives y Myke Towers como \u201cAgentes de Cambio\u201d"},"content":{"rendered":"\n<p>Carlos Vives ser\u00e1 reconocido por liderar iniciativas culturales y de sostenibilidad en Colombia; Myke Towers ser\u00e1 homenajeado por su labor en favor de la juventud y su impacto social en Am\u00e9rica Latina. Carlos Vives y Myke Towers confirmados para actuaciones destacadas en Premios Juventud: Vives se unir\u00e1 a Grupo Niche y Sergio George, y Towers presentar\u00e1 un popurr\u00ed en vivo de su m\u00e1s reciente \u00e1lbum. <\/p>\n\n\n\n<p>Premios Juventud anunci\u00f3 hoy que el \u00edcono musical colombiano Carlos Vives y la estrella global de la m\u00fasica urbana Myke Towers ser\u00e1n reconocidos como los \u201cAgentes de Cambio\u201d de este a\u00f1o. Este reconocimiento celebra su compromiso inquebrantable con el impacto social, el desarrollo comunitario y la preservaci\u00f3n cultural en toda Am\u00e9rica Latina. <\/p>\n\n\n\n<p>La premiaci\u00f3n, que se transmitir\u00e1 en vivo desde Ciudad de Panam\u00e1 el jueves 25 de septiembre a las 7 p.m. ET \/ 6 p.m. CT por Univision, UNIM\u00c1S, Galavisi\u00f3n y ViX, celebrar\u00e1 el Mes de la Herencia Hispana destacando la rica cultura y el talento de Am\u00e9rica Latina desde una de sus ciudades m\u00e1s din\u00e1micas. Carlos Vives ser\u00e1 homenajeado por su dedicaci\u00f3n de d\u00e9cadas al desarrollo cultural y comunitario en Colombia y Am\u00e9rica Latina. A trav\u00e9s de su \u201cFundaci\u00f3n Tras La Perla\u201d, lidera iniciativas sostenibles enfocadas en mejorar la educaci\u00f3n, el bienestar y la conservaci\u00f3n del medio ambiente en Santa Marta y sus alrededores. La fundaci\u00f3n pone un fuerte \u00e9nfasis en la preservaci\u00f3n del legado afrocolombiano e ind\u00edgena, trabajando por construir un modelo social inclusivo y resiliente. Myke Towers recibir\u00e1 esta distinci\u00f3n por su trabajo de alto impacto con la \u201cYoung Kingz Foundation\u201d, una organizaci\u00f3n sin fines de lucro enfocada en empoderar a comunidades vulnerables, especialmente en Puerto Rico y Am\u00e9rica Latina. La misi\u00f3n de la fundaci\u00f3n incluye mejorar el acceso al deporte, la educaci\u00f3n y oportunidades de desarrollo personal, dejando un legado para las futuras generaciones. En 2024, la fundaci\u00f3n restaur\u00f3 siete gimnasios de boxeo en colaboraci\u00f3n con el Municipio de San Juan. Este a\u00f1o, lanzar\u00e1n el \u201cQuintana Soccer Club\u201d, un programa piloto que combina entrenamiento de f\u00fatbol con nutrici\u00f3n y oportunidades de crecimiento personal, y ampliar\u00e1n los programas juveniles en alianza con DV7 Group en Puerto Rico, Espa\u00f1a, Nueva York y Am\u00e9rica Latina. Los esfuerzos continuos incluyen la entrega de becas, apoyo a torneos internacionales, organizaci\u00f3n de cl\u00ednicas con leyendas del f\u00fatbol y la celebraci\u00f3n de la \u201cQuintana Champions League\u201d, un torneo juvenil transmitido en vivo, adem\u00e1s del apoyo constante a selecciones nacionales de baloncesto y otras iniciativas sociales. Carlos Vives se presentar\u00e1 en el escenario de Premios Juventud junto al legendario Grupo Niche, interpretando una nueva versi\u00f3n en salsa de su cl\u00e1sico \u201cLa Tierra del Olvido\u201d. Juntos prometen una de las actuaciones m\u00e1s esperadas e impactantes de la noche, seguida de una colaboraci\u00f3n sorpresa electrizante con Sergio George. Myke Towers tambi\u00e9n regresa al escenario de Premios Juventud para interpretar un popurr\u00ed que incluir\u00e1 su canci\u00f3n \u201cDegenere\u201d junto a otros \u00e9xitos recientes de su nuevo \u00e1lbum, \u201cIsland Boyz\u201d, incluyendo \u201cSoleao\u201d, \u201cExpectativas\u201d y \u201cTengo Celos\u201d. <\/p>\n","protected":false},"excerpt":{"rendered":"<p>Carlos Vives ser\u00e1 reconocido por liderar iniciativas culturales y de sostenibilidad en Colombia; Myke Towers ser\u00e1 homenajeado por su labor en favor de la<\/p>\n","protected":false},"author":3,"featured_media":2712,"comment_status":"open","ping_status":"open","sticky":false,"template":"","format":"standard","meta":{"footnotes":""},"categories":[113,112],"tags":[],"class_list":["post-2711","post","type-post","status-publish","format-standard","has-post-thumbnail","hentry","category-actualidad","category-farandula"],"_links":{"self":[{"href":"https:\/\/faranduliandopty.com\/farandula\/wp-json\/wp\/v2\/posts\/2711","targetHints":{"allow":["GET"]}}],"collection":[{"href":"https:\/\/faranduliandopty.com\/farandula\/wp-json\/wp\/v2\/posts"}],"about":[{"href":"https:\/\/faranduliandopty.com\/farandula\/wp-json\/wp\/v2\/types\/post"}],"author":[{"embeddable":true,"href":"https:\/\/faranduliandopty.com\/farandula\/wp-json\/wp\/v2\/users\/3"}],"replies":[{"embeddable":true,"href":"https:\/\/faranduliandopty.com\/farandula\/wp-json\/wp\/v2\/comments?post=2711"}],"version-history":[{"count":1,"href":"https:\/\/faranduliandopty.com\/farandula\/wp-json\/wp\/v2\/posts\/2711\/revisions"}],"predecessor-version":[{"id":2713,"href":"https:\/\/faranduliandopty.com\/farandula\/wp-json\/wp\/v2\/posts\/2711\/revisions\/2713"}],"wp:featuredmedia":[{"embeddable":true,"href":"https:\/\/faranduliandopty.com\/farandula\/wp-json\/wp\/v2\/media\/2712"}],"wp:attachment":[{"href":"https:\/\/faranduliandopty.com\/farandula\/wp-json\/wp\/v2\/media?parent=2711"}],"wp:term":[{"taxonomy":"category","embeddable":true,"href":"https:\/\/faranduliandopty.com\/farandula\/wp-json\/wp\/v2\/categories?post=2711"},{"taxonomy":"post_tag","embeddable":true,"href":"https:\/\/faranduliandopty.com\/farandula\/wp-json\/wp\/v2\/tags?post=2711"}],"curies":[{"name":"wp","href":"https:\/\/api.w.org\/{rel}","templated":true}]}}