{"id":2821,"date":"2025-12-16T22:28:03","date_gmt":"2025-12-16T22:28:03","guid":{"rendered":"https:\/\/faranduliandopty.com\/farandula\/?p=2821"},"modified":"2025-12-16T22:28:04","modified_gmt":"2025-12-16T22:28:04","slug":"cubitt-inaugura-su-primer-studio-cafe-en-panama-marcando-un-nuevo-capitulo-en-su-universo-lifestyleun-espacio-que-redefine-la-experiencia-del-cafe-y-el-bienestar-en-el-corazon-de-obarrio","status":"publish","type":"post","link":"https:\/\/faranduliandopty.com\/farandula\/cubitt-inaugura-su-primer-studio-cafe-en-panama-marcando-un-nuevo-capitulo-en-su-universo-lifestyleun-espacio-que-redefine-la-experiencia-del-cafe-y-el-bienestar-en-el-corazon-de-obarrio\/","title":{"rendered":"Cubitt inaugura su primer Studio Caf\u00e9 en Panam\u00e1, marcando un nuevo cap\u00edtulo en su universo lifestyleUn espacio que redefine la experiencia del caf\u00e9 y el bienestar en el coraz\u00f3n de Obarrio."},"content":{"rendered":"\n<p>Cubitt present\u00f3 oficialmente el 7 de diciembre de 2025 el Cubitt Studio Caf\u00e9, su primer espacio experiencial en Panam\u00e1. La apertura reuni\u00f3 a influencers, medios de comunicaci\u00f3n y creadores de contenido, quienes fueron los primeros en recorrer este concepto que combina gastronom\u00eda, bienestar y comunidad en un mismo lugar.M\u00e1s que un caf\u00e9, Cubitt Studio Caf\u00e9 representa la evoluci\u00f3n natural de la marca hacia un estilo de vida consciente. <\/p>\n\n\n\n<p>El espacio fue dise\u00f1ado para que cada visita invite a pausar, reconectar y disfrutar: desde la iluminaci\u00f3n natural hasta la curadur\u00eda de productos exhibidos, cada elemento refleja la filosof\u00eda Cubitt de simplicidad, intenci\u00f3n y equilibrio.El proyecto signific\u00f3 un reto creativo y operativo para el equipo, quienes vivieron un proceso lleno de aprendizajes. Entre planificaci\u00f3n, construcci\u00f3n y pruebas, el espacio tom\u00f3 forma gracias al trabajo colaborativo y la constante b\u00fasqueda de innovaci\u00f3n. Las im\u00e1genes del detr\u00e1s de c\u00e1maras muestran este recorrido: desde el montaje del mobiliario hasta los ajustes finales que dieron vida a cada rinc\u00f3n.Desde su apertura al p\u00fablico, el caf\u00e9 ofrece una propuesta pensada para el bienestar: caf\u00e9 especialidad, matcha, smoothies, bowls, s\u00e1ndwiches y postres gluten free y refined sugar free, ideales para quienes buscan opciones deliciosas y equilibradas.\u201cCubitt Studio Caf\u00e9 nace con la intenci\u00f3n de crear un espacio donde las personas puedan inspirarse, crear y conectar. Quer\u00edamos que la experiencia Cubitt trascendiera el producto y se convirtiera en un estilo de vida accesible para todos,\u201d afirm\u00f3 Gabriela Vidales, Coordinadora de Marketing de Cubitt Panam\u00e1. Con esta apertura, Cubitt consolida su presencia en Panam\u00e1 y da un paso importante hacia la expansi\u00f3n de su ecosistema lifestyle, ofreciendo un punto de encuentro donde el dise\u00f1o, la armon\u00eda y la comunidad se unen en una experiencia \u00fanica.<\/p>\n","protected":false},"excerpt":{"rendered":"<p>Cubitt present\u00f3 oficialmente el 7 de diciembre de 2025 el Cubitt Studio Caf\u00e9, su primer espacio experiencial en Panam\u00e1. La apertura reuni\u00f3 a influencers,<\/p>\n","protected":false},"author":3,"featured_media":2822,"comment_status":"open","ping_status":"open","sticky":false,"template":"","format":"standard","meta":{"footnotes":""},"categories":[113,114],"tags":[],"class_list":["post-2821","post","type-post","status-publish","format-standard","has-post-thumbnail","hentry","category-actualidad","category-turismo"],"_links":{"self":[{"href":"https:\/\/faranduliandopty.com\/farandula\/wp-json\/wp\/v2\/posts\/2821","targetHints":{"allow":["GET"]}}],"collection":[{"href":"https:\/\/faranduliandopty.com\/farandula\/wp-json\/wp\/v2\/posts"}],"about":[{"href":"https:\/\/faranduliandopty.com\/farandula\/wp-json\/wp\/v2\/types\/post"}],"author":[{"embeddable":true,"href":"https:\/\/faranduliandopty.com\/farandula\/wp-json\/wp\/v2\/users\/3"}],"replies":[{"embeddable":true,"href":"https:\/\/faranduliandopty.com\/farandula\/wp-json\/wp\/v2\/comments?post=2821"}],"version-history":[{"count":1,"href":"https:\/\/faranduliandopty.com\/farandula\/wp-json\/wp\/v2\/posts\/2821\/revisions"}],"predecessor-version":[{"id":2823,"href":"https:\/\/faranduliandopty.com\/farandula\/wp-json\/wp\/v2\/posts\/2821\/revisions\/2823"}],"wp:featuredmedia":[{"embeddable":true,"href":"https:\/\/faranduliandopty.com\/farandula\/wp-json\/wp\/v2\/media\/2822"}],"wp:attachment":[{"href":"https:\/\/faranduliandopty.com\/farandula\/wp-json\/wp\/v2\/media?parent=2821"}],"wp:term":[{"taxonomy":"category","embeddable":true,"href":"https:\/\/faranduliandopty.com\/farandula\/wp-json\/wp\/v2\/categories?post=2821"},{"taxonomy":"post_tag","embeddable":true,"href":"https:\/\/faranduliandopty.com\/farandula\/wp-json\/wp\/v2\/tags?post=2821"}],"curies":[{"name":"wp","href":"https:\/\/api.w.org\/{rel}","templated":true}]}}