{"id":2877,"date":"2026-03-04T19:40:53","date_gmt":"2026-03-04T19:40:53","guid":{"rendered":"https:\/\/faranduliandopty.com\/farandula\/?p=2877"},"modified":"2026-03-04T19:40:55","modified_gmt":"2026-03-04T19:40:55","slug":"estudiante-herido-de-bala-frente-a-la-escuela-republica-de-sudafrica-en-colon-genera-alarma-en-la-comunidad-educativa","status":"publish","type":"post","link":"https:\/\/faranduliandopty.com\/farandula\/estudiante-herido-de-bala-frente-a-la-escuela-republica-de-sudafrica-en-colon-genera-alarma-en-la-comunidad-educativa\/","title":{"rendered":"Estudiante herido de bala frente a la Escuela Rep\u00fablica de Sud\u00e1frica en Col\u00f3n genera alarma en la comunidad educativa"},"content":{"rendered":"\n<p>Un hecho violento encendi\u00f3 las alarmas la ma\u00f1ana de este martes en la provincia de , luego de que un estudiante resultara herido de bala frente a la .<\/p>\n\n\n\n<p>De acuerdo con los primeros reportes, el incidente ocurri\u00f3 en las inmediaciones del plantel educativo, cuando se escucharon varias detonaciones. El menor fue alcanzado por un proyectil y trasladado de inmediato a un centro m\u00e9dico cercano, donde recibe atenci\u00f3n especializada. Hasta el momento, no se ha detallado oficialmente su condici\u00f3n de salud.<\/p>\n\n\n\n<p>Testigos en el \u00e1rea se\u00f1alaron que el suceso gener\u00f3 p\u00e1nico entre estudiantes, docentes y padres de familia, quienes vivieron momentos de angustia mientras unidades policiales acordonaban la zona.<\/p>\n\n\n\n<p>Miembros de la Polic\u00eda Nacional iniciaron un operativo para dar con los responsables y esclarecer las circunstancias en que se produjo el ataque. No se descarta que el hecho est\u00e9 vinculado a situaciones de violencia que afectan a algunos sectores de la provincia.<\/p>\n\n\n\n<p>El Ministerio de Educaci\u00f3n no ha emitido a\u00fan un pronunciamiento formal, aunque se espera que en las pr\u00f3ximas horas se brinde informaci\u00f3n adicional sobre las medidas adoptadas para garantizar la seguridad en el entorno escolar.<\/p>\n\n\n\n<p>La comunidad colonense vuelve a enfrentar un episodio que reabre el debate sobre la seguridad en los alrededores de los centros educativos y la urgencia de reforzar la vigilancia para proteger a estudiantes y docentes.<\/p>\n","protected":false},"excerpt":{"rendered":"<p>Un hecho violento encendi\u00f3 las alarmas la ma\u00f1ana de este martes en la provincia de , luego de que un estudiante resultara herido de<\/p>\n","protected":false},"author":3,"featured_media":2878,"comment_status":"open","ping_status":"open","sticky":false,"template":"","format":"standard","meta":{"footnotes":""},"categories":[113],"tags":[209,64,116,125,123],"class_list":["post-2877","post","type-post","status-publish","format-standard","has-post-thumbnail","hentry","category-actualidad","tag-colon","tag-entertainment","tag-faranduliandopty","tag-noticias","tag-panama"],"_links":{"self":[{"href":"https:\/\/faranduliandopty.com\/farandula\/wp-json\/wp\/v2\/posts\/2877","targetHints":{"allow":["GET"]}}],"collection":[{"href":"https:\/\/faranduliandopty.com\/farandula\/wp-json\/wp\/v2\/posts"}],"about":[{"href":"https:\/\/faranduliandopty.com\/farandula\/wp-json\/wp\/v2\/types\/post"}],"author":[{"embeddable":true,"href":"https:\/\/faranduliandopty.com\/farandula\/wp-json\/wp\/v2\/users\/3"}],"replies":[{"embeddable":true,"href":"https:\/\/faranduliandopty.com\/farandula\/wp-json\/wp\/v2\/comments?post=2877"}],"version-history":[{"count":1,"href":"https:\/\/faranduliandopty.com\/farandula\/wp-json\/wp\/v2\/posts\/2877\/revisions"}],"predecessor-version":[{"id":2879,"href":"https:\/\/faranduliandopty.com\/farandula\/wp-json\/wp\/v2\/posts\/2877\/revisions\/2879"}],"wp:featuredmedia":[{"embeddable":true,"href":"https:\/\/faranduliandopty.com\/farandula\/wp-json\/wp\/v2\/media\/2878"}],"wp:attachment":[{"href":"https:\/\/faranduliandopty.com\/farandula\/wp-json\/wp\/v2\/media?parent=2877"}],"wp:term":[{"taxonomy":"category","embeddable":true,"href":"https:\/\/faranduliandopty.com\/farandula\/wp-json\/wp\/v2\/categories?post=2877"},{"taxonomy":"post_tag","embeddable":true,"href":"https:\/\/faranduliandopty.com\/farandula\/wp-json\/wp\/v2\/tags?post=2877"}],"curies":[{"name":"wp","href":"https:\/\/api.w.org\/{rel}","templated":true}]}}