{"id":2881,"date":"2026-03-04T20:19:42","date_gmt":"2026-03-04T20:19:42","guid":{"rendered":"https:\/\/faranduliandopty.com\/farandula\/?p=2881"},"modified":"2026-03-04T20:19:45","modified_gmt":"2026-03-04T20:19:45","slug":"royal-caribbean-propone-a-mulino-un-dique-seco-en-puerto-armuelles-que-generaria-hasta-800-empleos","status":"publish","type":"post","link":"https:\/\/faranduliandopty.com\/farandula\/royal-caribbean-propone-a-mulino-un-dique-seco-en-puerto-armuelles-que-generaria-hasta-800-empleos\/","title":{"rendered":"Royal Caribbean propone a Mulino un dique seco en Puerto Armuelles que generar\u00eda hasta 800 empleos"},"content":{"rendered":"\n<p>El presidente  Jos\u00e9 Ra\u00fal Mulino recibi\u00f3 este mi\u00e9rcoles a representantes de Royal Caribbean Group, quienes plantearon su inter\u00e9s en instalar un dique seco flotante en el sector de Punta Piedra, en Puerto Armuelles, provincia de Chiriqu\u00ed.<\/p>\n\n\n\n<p>La propuesta contempla la construcci\u00f3n de un dique con capacidad de 130 mil toneladas y 400 metros de longitud, dise\u00f1ado para levantar buques completamente cargados. El proyecto permitir\u00eda atender y reparar cruceros de la propia compa\u00f1\u00eda, adem\u00e1s de portacontenedores y otras embarcaciones de gran escala.<\/p>\n\n\n\n<figure class=\"wp-block-gallery has-nested-images columns-default is-cropped wp-block-gallery-1 is-layout-flex wp-block-gallery-is-layout-flex\">\n<figure class=\"wp-block-image size-large\"><a href=\"https:\/\/faranduliandopty.com\/farandula\/wp-content\/uploads\/2026\/03\/1001968008-scaled.jpg\"><img fetchpriority=\"high\" decoding=\"async\" width=\"1024\" height=\"688\" data-id=\"2885\" src=\"https:\/\/faranduliandopty.com\/farandula\/wp-content\/uploads\/2026\/03\/1001968008-1024x688.jpg\" alt=\"\" class=\"wp-image-2885\" srcset=\"https:\/\/faranduliandopty.com\/farandula\/wp-content\/uploads\/2026\/03\/1001968008-1024x688.jpg 1024w, https:\/\/faranduliandopty.com\/farandula\/wp-content\/uploads\/2026\/03\/1001968008-300x202.jpg 300w, https:\/\/faranduliandopty.com\/farandula\/wp-content\/uploads\/2026\/03\/1001968008-768x516.jpg 768w, https:\/\/faranduliandopty.com\/farandula\/wp-content\/uploads\/2026\/03\/1001968008-1536x1032.jpg 1536w, https:\/\/faranduliandopty.com\/farandula\/wp-content\/uploads\/2026\/03\/1001968008-2048x1376.jpg 2048w\" sizes=\"(max-width: 1024px) 100vw, 1024px\" \/><\/a><\/figure>\n<\/figure>\n\n\n\n<figure class=\"wp-block-gallery has-nested-images columns-default is-cropped wp-block-gallery-2 is-layout-flex wp-block-gallery-is-layout-flex\">\n<figure class=\"wp-block-image size-large\"><a href=\"https:\/\/faranduliandopty.com\/farandula\/wp-content\/uploads\/2026\/03\/1001967962-1-scaled.jpg\"><img decoding=\"async\" width=\"1024\" height=\"683\" data-id=\"2884\" src=\"https:\/\/faranduliandopty.com\/farandula\/wp-content\/uploads\/2026\/03\/1001967962-1-1024x683.jpg\" alt=\"\" class=\"wp-image-2884\" srcset=\"https:\/\/faranduliandopty.com\/farandula\/wp-content\/uploads\/2026\/03\/1001967962-1-1024x683.jpg 1024w, https:\/\/faranduliandopty.com\/farandula\/wp-content\/uploads\/2026\/03\/1001967962-1-300x200.jpg 300w, https:\/\/faranduliandopty.com\/farandula\/wp-content\/uploads\/2026\/03\/1001967962-1-768x512.jpg 768w, https:\/\/faranduliandopty.com\/farandula\/wp-content\/uploads\/2026\/03\/1001967962-1-1536x1024.jpg 1536w, https:\/\/faranduliandopty.com\/farandula\/wp-content\/uploads\/2026\/03\/1001967962-1-2048x1366.jpg 2048w\" sizes=\"(max-width: 1024px) 100vw, 1024px\" \/><\/a><\/figure>\n\n\n\n<figure class=\"wp-block-image size-large\"><a href=\"https:\/\/faranduliandopty.com\/farandula\/wp-content\/uploads\/2026\/03\/1001967961.jpg\"><img decoding=\"async\" width=\"1024\" height=\"683\" data-id=\"2882\" src=\"https:\/\/faranduliandopty.com\/farandula\/wp-content\/uploads\/2026\/03\/1001967961-1024x683.jpg\" alt=\"\" class=\"wp-image-2882\" srcset=\"https:\/\/faranduliandopty.com\/farandula\/wp-content\/uploads\/2026\/03\/1001967961-1024x683.jpg 1024w, https:\/\/faranduliandopty.com\/farandula\/wp-content\/uploads\/2026\/03\/1001967961-300x200.jpg 300w, https:\/\/faranduliandopty.com\/farandula\/wp-content\/uploads\/2026\/03\/1001967961-768x512.jpg 768w, https:\/\/faranduliandopty.com\/farandula\/wp-content\/uploads\/2026\/03\/1001967961.jpg 1280w\" sizes=\"(max-width: 1024px) 100vw, 1024px\" \/><\/a><\/figure>\n<\/figure>\n\n\n\n<p>Seg\u00fan explicaron los ejecutivos, la iniciativa aprovechar\u00eda el tr\u00e1nsito de sus cruceros por Panam\u00e1 para realizar mantenimientos y reparaciones en territorio nacional, evitando trasladar las embarcaciones hasta astilleros en Asia. Esto colocar\u00eda al pa\u00eds como un punto estrat\u00e9gico en la cadena log\u00edstica y de servicios mar\u00edtimos en la regi\u00f3n.<\/p>\n\n\n\n<p>El plan se desarrollar\u00eda por etapas entre 2026 y 2031, e incluye la creaci\u00f3n de una plataforma industrial con enfoque bajo en carbono, resiliente y con est\u00e1ndares internacionales de seguridad y gesti\u00f3n ambiental, incluyendo manejo responsable de aguas servidas.<\/p>\n\n\n\n<p>De concretarse, el proyecto generar\u00eda entre 500 y 800 empleos en los pr\u00f3ximos a\u00f1os, principalmente en el distrito de Bar\u00fa. El mandatario destac\u00f3 que la iniciativa contribuir\u00eda a fortalecer la posici\u00f3n estrat\u00e9gica de Panam\u00e1 como centro mar\u00edtimo internacional y a reactivar una zona que por a\u00f1os ha permanecido rezagada.<\/p>\n\n\n\n<p>Mulino manifest\u00f3 su respaldo a la propuesta, cuya inversi\u00f3n ser\u00eda inicialmente paname\u00f1a y podr\u00eda arrancar en 2026. Adem\u00e1s, adelant\u00f3 que mientras se estructura el proyecto, se impulsar\u00eda la capacitaci\u00f3n de mano de obra local a trav\u00e9s del instituto nacional de formaci\u00f3n profesional y capacitaci\u00f3n para el desarrollohumano, ampliando su oferta en Puerto Armuelles.<\/p>\n\n\n\n<p>En la reuni\u00f3n participaron tambi\u00e9n el asesor presidencial Alberto Alem\u00e1n Zubieta; el administrador de la Autoridad Mar\u00edtima de Panam\u00e1, Luis Roquebert; y altos ejecutivos de la naviera, entre ellos Joshua Carroll, Crist\u00f3bal Bernstein y Andre Pousada, junto a empresarios vinculados al proyecto.<\/p>\n\n\n\n<p>La eventual instalaci\u00f3n del dique seco en Puerto Armuelles marcar\u00eda un nuevo cap\u00edtulo para la regi\u00f3n occidental del pa\u00eds, apostando por empleo calificado, transferencia de conocimiento y una reactivaci\u00f3n econ\u00f3mica con visi\u00f3n mar\u00edtima.<\/p>\n","protected":false},"excerpt":{"rendered":"<p>El presidente Jos\u00e9 Ra\u00fal Mulino recibi\u00f3 este mi\u00e9rcoles a representantes de Royal Caribbean Group, quienes plantearon su inter\u00e9s en instalar un dique seco flotante<\/p>\n","protected":false},"author":3,"featured_media":2886,"comment_status":"open","ping_status":"open","sticky":false,"template":"","format":"standard","meta":{"footnotes":""},"categories":[113],"tags":[116,125,123],"class_list":["post-2881","post","type-post","status-publish","format-standard","has-post-thumbnail","hentry","category-actualidad","tag-faranduliandopty","tag-noticias","tag-panama"],"_links":{"self":[{"href":"https:\/\/faranduliandopty.com\/farandula\/wp-json\/wp\/v2\/posts\/2881","targetHints":{"allow":["GET"]}}],"collection":[{"href":"https:\/\/faranduliandopty.com\/farandula\/wp-json\/wp\/v2\/posts"}],"about":[{"href":"https:\/\/faranduliandopty.com\/farandula\/wp-json\/wp\/v2\/types\/post"}],"author":[{"embeddable":true,"href":"https:\/\/faranduliandopty.com\/farandula\/wp-json\/wp\/v2\/users\/3"}],"replies":[{"embeddable":true,"href":"https:\/\/faranduliandopty.com\/farandula\/wp-json\/wp\/v2\/comments?post=2881"}],"version-history":[{"count":1,"href":"https:\/\/faranduliandopty.com\/farandula\/wp-json\/wp\/v2\/posts\/2881\/revisions"}],"predecessor-version":[{"id":2887,"href":"https:\/\/faranduliandopty.com\/farandula\/wp-json\/wp\/v2\/posts\/2881\/revisions\/2887"}],"wp:featuredmedia":[{"embeddable":true,"href":"https:\/\/faranduliandopty.com\/farandula\/wp-json\/wp\/v2\/media\/2886"}],"wp:attachment":[{"href":"https:\/\/faranduliandopty.com\/farandula\/wp-json\/wp\/v2\/media?parent=2881"}],"wp:term":[{"taxonomy":"category","embeddable":true,"href":"https:\/\/faranduliandopty.com\/farandula\/wp-json\/wp\/v2\/categories?post=2881"},{"taxonomy":"post_tag","embeddable":true,"href":"https:\/\/faranduliandopty.com\/farandula\/wp-json\/wp\/v2\/tags?post=2881"}],"curies":[{"name":"wp","href":"https:\/\/api.w.org\/{rel}","templated":true}]}}