{"id":2888,"date":"2026-03-04T08:30:00","date_gmt":"2026-03-04T08:30:00","guid":{"rendered":"https:\/\/faranduliandopty.com\/farandula\/?p=2888"},"modified":"2026-03-04T20:31:16","modified_gmt":"2026-03-04T20:31:16","slug":"presidente-mulino-encarga-a-otilia-rodriguez-de-la-direccion-del-senniaf","status":"publish","type":"post","link":"https:\/\/faranduliandopty.com\/farandula\/presidente-mulino-encarga-a-otilia-rodriguez-de-la-direccion-del-senniaf\/","title":{"rendered":"Presidente Mulino encarga a Otilia Rodr\u00edguez de la direcci\u00f3n del Senniaf"},"content":{"rendered":"\n<p>El presidente de la Rep\u00fablica Jos\u00e9Ra\u00falMulino, acept\u00f3 la renuncia de la directora de la secretaria nacional dela ni\u00f1ez , adolescencia y familia (Senniaf),ana fabrega , y design\u00f3 como encargada de la entidad a Otilia Rodr\u00edguez Dom\u00ednguez.<\/p>\n\n\n\n<p>La decisi\u00f3n fue oficializada este mi\u00e9rcoles, en medio de un proceso de reorganizaci\u00f3n interna dentro de la instituci\u00f3n encargada de velar por la protecci\u00f3n y restituci\u00f3n de los derechos de la ni\u00f1ez y adolescencia en el pa\u00eds.<\/p>\n\n\n\n<p>Rodr\u00edguez Dom\u00ednguez no es ajena a la entidad. Antes de asumir esta nueva responsabilidad, se desempe\u00f1aba como directora de Protecci\u00f3n Especial de Derechos dentro del propio Senniaf, cargo desde el cual coordinaba acciones vinculadas a la atenci\u00f3n de menores en situaci\u00f3n de vulnerabilidad.<\/p>\n\n\n\n<p>Con esta designaci\u00f3n, el Ejecutivo busca dar continuidad a los programas y procesos administrativos en curso, mientras se mantiene la atenci\u00f3n sobre los retos estructurales que enfrenta la instituci\u00f3n, especialmente en materia de protecci\u00f3n integral, supervisi\u00f3n de albergues y fortalecimiento de los mecanismos de garant\u00eda de derechos.<\/p>\n\n\n\n<p>Hasta el momento no se han dado a conocer mayores detalles sobre las razones de la renuncia de F\u00e1brega ni sobre si el nombramiento de Rodr\u00edguez ser\u00e1 permanente o transitorio.<\/p>\n\n\n\n<p>El cambio se produce en un contexto en el que la gesti\u00f3n del Senniaf contin\u00faa bajo la mirada p\u00fablica, dada la sensibilidad de los temas que atiende y la importancia de asegurar transparencia y eficiencia en la protecci\u00f3n de ni\u00f1os, ni\u00f1as y adolescentes en Panam\u00e1.<\/p>\n","protected":false},"excerpt":{"rendered":"<p>El presidente de la Rep\u00fablica Jos\u00e9Ra\u00falMulino, acept\u00f3 la renuncia de la directora de la secretaria nacional dela ni\u00f1ez , adolescencia y familia (Senniaf),ana fabrega<\/p>\n","protected":false},"author":3,"featured_media":2889,"comment_status":"open","ping_status":"open","sticky":false,"template":"","format":"standard","meta":{"footnotes":""},"categories":[113],"tags":[64,116,125,123],"class_list":["post-2888","post","type-post","status-publish","format-standard","has-post-thumbnail","hentry","category-actualidad","tag-entertainment","tag-faranduliandopty","tag-noticias","tag-panama"],"_links":{"self":[{"href":"https:\/\/faranduliandopty.com\/farandula\/wp-json\/wp\/v2\/posts\/2888","targetHints":{"allow":["GET"]}}],"collection":[{"href":"https:\/\/faranduliandopty.com\/farandula\/wp-json\/wp\/v2\/posts"}],"about":[{"href":"https:\/\/faranduliandopty.com\/farandula\/wp-json\/wp\/v2\/types\/post"}],"author":[{"embeddable":true,"href":"https:\/\/faranduliandopty.com\/farandula\/wp-json\/wp\/v2\/users\/3"}],"replies":[{"embeddable":true,"href":"https:\/\/faranduliandopty.com\/farandula\/wp-json\/wp\/v2\/comments?post=2888"}],"version-history":[{"count":1,"href":"https:\/\/faranduliandopty.com\/farandula\/wp-json\/wp\/v2\/posts\/2888\/revisions"}],"predecessor-version":[{"id":2890,"href":"https:\/\/faranduliandopty.com\/farandula\/wp-json\/wp\/v2\/posts\/2888\/revisions\/2890"}],"wp:featuredmedia":[{"embeddable":true,"href":"https:\/\/faranduliandopty.com\/farandula\/wp-json\/wp\/v2\/media\/2889"}],"wp:attachment":[{"href":"https:\/\/faranduliandopty.com\/farandula\/wp-json\/wp\/v2\/media?parent=2888"}],"wp:term":[{"taxonomy":"category","embeddable":true,"href":"https:\/\/faranduliandopty.com\/farandula\/wp-json\/wp\/v2\/categories?post=2888"},{"taxonomy":"post_tag","embeddable":true,"href":"https:\/\/faranduliandopty.com\/farandula\/wp-json\/wp\/v2\/tags?post=2888"}],"curies":[{"name":"wp","href":"https:\/\/api.w.org\/{rel}","templated":true}]}}