{"id":3192,"date":"2026-09-02T17:55:00","date_gmt":"2026-09-02T17:55:00","guid":{"rendered":"https:\/\/faranduliandopty.com\/farandula\/?p=3192"},"modified":"2026-09-02T23:55:44","modified_gmt":"2026-09-02T23:55:44","slug":"presidente-mulino-viajara-a-ecuador-para-abordar-temas-de-inversion-comercio-y-migracion-con-su-homologo-daniel-noboa","status":"publish","type":"post","link":"https:\/\/faranduliandopty.com\/farandula\/presidente-mulino-viajara-a-ecuador-para-abordar-temas-de-inversion-comercio-y-migracion-con-su-homologo-daniel-noboa\/","title":{"rendered":"Presidente Mulino viajar\u00e1 a Ecuador para abordar temas de inversi\u00f3n, comercio y migraci\u00f3n con su hom\u00f3logo Daniel Noboa."},"content":{"rendered":"\n<p class=\"wp-block-paragraph\">El presidente Jos\u00e9 Ra\u00fal Mulino viajar\u00e1 este viernes 4 de septiembre en horas de la ma\u00f1ana, a Guayaquil, donde sostendr\u00e1 una reuni\u00f3n bilateral con su hom\u00f3logo Daniel Noboa Azin, presidente Constitucional de la Rep\u00fablica del Ecuador. Ambos l\u00edderes abordar\u00e1n temas relacionados con comercio, inversi\u00f3n, migraci\u00f3n y seguridad, entre otros. <\/p>\n\n\n\n<p class=\"wp-block-paragraph\">La llegada del presidente a la Base A\u00e9rea Sim\u00f3n Bol\u00edvar est\u00e1 programada para las 10:30 a.m., donde ser\u00e1 recibido por Roberto Kuri, canciller de la Rep\u00fablica del Ecuador, y por los embajadores de Panam\u00e1 en Ecuador, Alfredo Montaner, y de Ecuador en Panama, Pascual del Cioopo.  <\/p>\n\n\n\n<figure class=\"wp-block-gallery has-nested-images columns-default is-cropped wp-block-gallery-1 is-layout-flex wp-block-gallery-is-layout-flex\">\n\n<\/figure>\n\n\n\n<p class=\"wp-block-paragraph\">En este viaje acompa\u00f1an al presidente la primera dama, Maricel Cohen de Mulino, y los ministros de Relaciones Exteriores y de Comercio, Javier Mart\u00ednez Acha y Julio Molt\u00f3, respectivamente, as\u00ed como Jorge Vallarino, miembro de la Junta Directiva de la Autoridad del Canal de Panam\u00e1. <\/p>\n\n\n\n<p class=\"wp-block-paragraph\">Paralelo al encuentro de mandatarios, se efectuar\u00e1 una reuni\u00f3n bilateral entre el  ministro Molt\u00f3 y Sahira Moya, ministra de Desarrollo Econ\u00f3mico y Productividad, quienes suscribir\u00e1n el Acuerdo de Alcance Parcial Ecuador-Panam\u00e1. <\/p>\n\n\n\n<p class=\"wp-block-paragraph\">Por su parte, el canciller Mart\u00ednez Acha  y  Roberto Kuri Pesantes, ministro de Relaciones Exteriores y Movilidad Humana de Ecuador, firmar\u00e1n el Acuerdo Interinstitucional de intercambio de informaci\u00f3n migratoria. Tras efectuar las reuniones, el presidente Mulino y su comitiva regresar\u00e1n a Panam\u00e1 en horas de la tarde del mismo viernes.<\/p>\n","protected":false},"excerpt":{"rendered":"<p>El presidente Jos\u00e9 Ra\u00fal Mulino viajar\u00e1 este viernes 4 de septiembre en horas de la ma\u00f1ana, a Guayaquil, donde sostendr\u00e1 una reuni\u00f3n bilateral con<\/p>\n","protected":false},"author":3,"featured_media":3193,"comment_status":"open","ping_status":"open","sticky":false,"template":"","format":"standard","meta":{"footnotes":""},"categories":[113],"tags":[],"class_list":["post-3192","post","type-post","status-publish","format-standard","has-post-thumbnail","hentry","category-actualidad"],"_links":{"self":[{"href":"https:\/\/faranduliandopty.com\/farandula\/wp-json\/wp\/v2\/posts\/3192","targetHints":{"allow":["GET"]}}],"collection":[{"href":"https:\/\/faranduliandopty.com\/farandula\/wp-json\/wp\/v2\/posts"}],"about":[{"href":"https:\/\/faranduliandopty.com\/farandula\/wp-json\/wp\/v2\/types\/post"}],"author":[{"embeddable":true,"href":"https:\/\/faranduliandopty.com\/farandula\/wp-json\/wp\/v2\/users\/3"}],"replies":[{"embeddable":true,"href":"https:\/\/faranduliandopty.com\/farandula\/wp-json\/wp\/v2\/comments?post=3192"}],"version-history":[{"count":1,"href":"https:\/\/faranduliandopty.com\/farandula\/wp-json\/wp\/v2\/posts\/3192\/revisions"}],"predecessor-version":[{"id":3194,"href":"https:\/\/faranduliandopty.com\/farandula\/wp-json\/wp\/v2\/posts\/3192\/revisions\/3194"}],"wp:featuredmedia":[{"embeddable":true,"href":"https:\/\/faranduliandopty.com\/farandula\/wp-json\/wp\/v2\/media\/3193"}],"wp:attachment":[{"href":"https:\/\/faranduliandopty.com\/farandula\/wp-json\/wp\/v2\/media?parent=3192"}],"wp:term":[{"taxonomy":"category","embeddable":true,"href":"https:\/\/faranduliandopty.com\/farandula\/wp-json\/wp\/v2\/categories?post=3192"},{"taxonomy":"post_tag","embeddable":true,"href":"https:\/\/faranduliandopty.com\/farandula\/wp-json\/wp\/v2\/tags?post=3192"}],"curies":[{"name":"wp","href":"https:\/\/api.w.org\/{rel}","templated":true}]}}