{"id":3196,"date":"2026-09-02T16:03:00","date_gmt":"2026-09-02T16:03:00","guid":{"rendered":"https:\/\/faranduliandopty.com\/farandula\/?p=3196"},"modified":"2026-09-03T00:03:44","modified_gmt":"2026-09-03T00:03:44","slug":"ministerio-de-la-presidencia-rinde-homenaje-a-funcionaria-con-51-anos-de-servicio-continuo","status":"publish","type":"post","link":"https:\/\/faranduliandopty.com\/farandula\/ministerio-de-la-presidencia-rinde-homenaje-a-funcionaria-con-51-anos-de-servicio-continuo\/","title":{"rendered":"Ministerio de la Presidencia rinde homenaje a funcionaria con 51 a\u00f1os de servicio continuo"},"content":{"rendered":"\n<p class=\"wp-block-paragraph\">El Ministerio de la Presidencia rindi\u00f3 homenaje este mi\u00e9rcoles a una de sus servidoras m\u00e1s fieles y consistentes, la licenciada Damaris Vargas de Gord\u00f3n, quien se acoge a un merecido retiro tras m\u00e1s de 51 a\u00f1os de servicio ininterrumpido en la instituci\u00f3n.<\/p>\n\n\n\n<p class=\"wp-block-paragraph\">El acto tuvo lugar en el Sal\u00f3n Paz del Palacio de las Garzas, donde el ministro de la Presidencia, Juan Carlos Orillac; la viceministra de la Presidencia, Virna Luque; y Edgardo Lasso, director de la Oficina de Consejo de Gabinete, junto a compa\u00f1eros de trabajo, agradecieron a Vargas de Gord\u00f3n por su extraordinaria labor a lo largo de m\u00e1s de medio siglo.<\/p>\n\n\n\n<figure class=\"wp-block-gallery has-nested-images columns-default is-cropped wp-block-gallery-1 is-layout-flex wp-block-gallery-is-layout-flex\">\n<figure class=\"wp-block-image size-large\"><a href=\"https:\/\/faranduliandopty.com\/farandula\/wp-content\/uploads\/2026\/09\/1002604463.jpg\"><img fetchpriority=\"high\" decoding=\"async\" width=\"1024\" height=\"683\" data-id=\"3199\" src=\"https:\/\/faranduliandopty.com\/farandula\/wp-content\/uploads\/2026\/09\/1002604463-1024x683.jpg\" alt=\"\" class=\"wp-image-3199\" srcset=\"https:\/\/faranduliandopty.com\/farandula\/wp-content\/uploads\/2026\/09\/1002604463-1024x683.jpg 1024w, https:\/\/faranduliandopty.com\/farandula\/wp-content\/uploads\/2026\/09\/1002604463-300x200.jpg 300w, https:\/\/faranduliandopty.com\/farandula\/wp-content\/uploads\/2026\/09\/1002604463-768x512.jpg 768w, https:\/\/faranduliandopty.com\/farandula\/wp-content\/uploads\/2026\/09\/1002604463-1536x1024.jpg 1536w, https:\/\/faranduliandopty.com\/farandula\/wp-content\/uploads\/2026\/09\/1002604463.jpg 1599w\" sizes=\"(max-width: 1024px) 100vw, 1024px\" \/><\/a><\/figure>\n\n\n\n<figure class=\"wp-block-image size-large\"><a href=\"https:\/\/faranduliandopty.com\/farandula\/wp-content\/uploads\/2026\/09\/1002604465.jpg\"><img decoding=\"async\" width=\"1024\" height=\"683\" data-id=\"3198\" src=\"https:\/\/faranduliandopty.com\/farandula\/wp-content\/uploads\/2026\/09\/1002604465-1024x683.jpg\" alt=\"\" class=\"wp-image-3198\" srcset=\"https:\/\/faranduliandopty.com\/farandula\/wp-content\/uploads\/2026\/09\/1002604465-1024x683.jpg 1024w, https:\/\/faranduliandopty.com\/farandula\/wp-content\/uploads\/2026\/09\/1002604465-300x200.jpg 300w, https:\/\/faranduliandopty.com\/farandula\/wp-content\/uploads\/2026\/09\/1002604465-768x512.jpg 768w, https:\/\/faranduliandopty.com\/farandula\/wp-content\/uploads\/2026\/09\/1002604465-1536x1024.jpg 1536w, https:\/\/faranduliandopty.com\/farandula\/wp-content\/uploads\/2026\/09\/1002604465.jpg 1599w\" sizes=\"(max-width: 1024px) 100vw, 1024px\" \/><\/a><\/figure>\n\n\n\n<figure class=\"wp-block-image size-large\"><a href=\"https:\/\/faranduliandopty.com\/farandula\/wp-content\/uploads\/2026\/09\/1002604462.jpg\"><img decoding=\"async\" width=\"1024\" height=\"683\" data-id=\"3197\" src=\"https:\/\/faranduliandopty.com\/farandula\/wp-content\/uploads\/2026\/09\/1002604462-1024x683.jpg\" alt=\"\" class=\"wp-image-3197\" srcset=\"https:\/\/faranduliandopty.com\/farandula\/wp-content\/uploads\/2026\/09\/1002604462-1024x683.jpg 1024w, https:\/\/faranduliandopty.com\/farandula\/wp-content\/uploads\/2026\/09\/1002604462-300x200.jpg 300w, https:\/\/faranduliandopty.com\/farandula\/wp-content\/uploads\/2026\/09\/1002604462-768x512.jpg 768w, https:\/\/faranduliandopty.com\/farandula\/wp-content\/uploads\/2026\/09\/1002604462-1536x1024.jpg 1536w, https:\/\/faranduliandopty.com\/farandula\/wp-content\/uploads\/2026\/09\/1002604462.jpg 1599w\" sizes=\"(max-width: 1024px) 100vw, 1024px\" \/><\/a><\/figure>\n<\/figure>\n\n\n\n<p class=\"wp-block-paragraph\">\u201cLa mayor satisfacci\u00f3n que da la vida nos la proporciona el deber cumplido\u201d, expres\u00f3 la licenciada Damaris. <\/p>\n\n\n\n<p class=\"wp-block-paragraph\">\u201cLas palabras no alcanzan a dimensionar este sentimiento de gratitud hacia mis jefes, hacia mis apreciados compa\u00f1eros de faena, con quienes he laborado algunos desde mi juventud, y otros que van formando parte de mi familia laboral a trav\u00e9s de los a\u00f1os hasta hoy en la primera instituci\u00f3n jer\u00e1rquica del pa\u00eds\u201d.<\/p>\n\n\n\n<p class=\"wp-block-paragraph\">Por su parte, el ministro Orillac reconoci\u00f3 la ardua labor que la homenajeada ha asumido a lo largo de los a\u00f1os dentro del ministerio. \u201cEl trabajo que usted bien ha realizado, su lealtad al ministerio de la Presidencia, su dedicaci\u00f3n, todo el esfuerzo de tantos a\u00f1os y la historia que ha tenido usted aqu\u00ed junto a sus compa\u00f1eros en la Presidencia de la Rep\u00fablica son invaluables\u201d, destac\u00f3 el titular de la cartera.<\/p>\n","protected":false},"excerpt":{"rendered":"<p>El Ministerio de la Presidencia rindi\u00f3 homenaje este mi\u00e9rcoles a una de sus servidoras m\u00e1s fieles y consistentes, la licenciada Damaris Vargas de Gord\u00f3n,<\/p>\n","protected":false},"author":3,"featured_media":3200,"comment_status":"open","ping_status":"open","sticky":false,"template":"","format":"standard","meta":{"footnotes":""},"categories":[113],"tags":[],"class_list":["post-3196","post","type-post","status-publish","format-standard","has-post-thumbnail","hentry","category-actualidad"],"_links":{"self":[{"href":"https:\/\/faranduliandopty.com\/farandula\/wp-json\/wp\/v2\/posts\/3196","targetHints":{"allow":["GET"]}}],"collection":[{"href":"https:\/\/faranduliandopty.com\/farandula\/wp-json\/wp\/v2\/posts"}],"about":[{"href":"https:\/\/faranduliandopty.com\/farandula\/wp-json\/wp\/v2\/types\/post"}],"author":[{"embeddable":true,"href":"https:\/\/faranduliandopty.com\/farandula\/wp-json\/wp\/v2\/users\/3"}],"replies":[{"embeddable":true,"href":"https:\/\/faranduliandopty.com\/farandula\/wp-json\/wp\/v2\/comments?post=3196"}],"version-history":[{"count":1,"href":"https:\/\/faranduliandopty.com\/farandula\/wp-json\/wp\/v2\/posts\/3196\/revisions"}],"predecessor-version":[{"id":3201,"href":"https:\/\/faranduliandopty.com\/farandula\/wp-json\/wp\/v2\/posts\/3196\/revisions\/3201"}],"wp:featuredmedia":[{"embeddable":true,"href":"https:\/\/faranduliandopty.com\/farandula\/wp-json\/wp\/v2\/media\/3200"}],"wp:attachment":[{"href":"https:\/\/faranduliandopty.com\/farandula\/wp-json\/wp\/v2\/media?parent=3196"}],"wp:term":[{"taxonomy":"category","embeddable":true,"href":"https:\/\/faranduliandopty.com\/farandula\/wp-json\/wp\/v2\/categories?post=3196"},{"taxonomy":"post_tag","embeddable":true,"href":"https:\/\/faranduliandopty.com\/farandula\/wp-json\/wp\/v2\/tags?post=3196"}],"curies":[{"name":"wp","href":"https:\/\/api.w.org\/{rel}","templated":true}]}}