{"id":651,"date":"2022-12-04T17:02:59","date_gmt":"2022-12-04T17:02:59","guid":{"rendered":"https:\/\/faranduliandopty.com\/farandula\/?p=651"},"modified":"2022-12-04T17:03:00","modified_gmt":"2022-12-04T17:03:00","slug":"meduca-dara-seguimiento-a-sus-programas-y-planes-en-el-conadis","status":"publish","type":"post","link":"https:\/\/faranduliandopty.com\/farandula\/meduca-dara-seguimiento-a-sus-programas-y-planes-en-el-conadis\/","title":{"rendered":"<strong>Meduca\u00a0dar\u00e1 seguimiento a sus programas y planes en el\u00a0Conadis<\/strong>"},"content":{"rendered":"\n<p>La XI Reuni\u00f3n Ordinaria del Consejo Nacional de Discapacidad (Conadis) se desarroll\u00f3 con el objetivo de dar seguimiento a las pol\u00edticas p\u00fablicas en materia de discapacidad y establecer programas y proyectos a favor de este sector de la poblaci\u00f3n.<\/p>\n\n\n\n<p>La presentaci\u00f3n de&nbsp;la Comisi\u00f3n del Ministerio de Educaci\u00f3n (Meduca), presidida por el viceministro Acad\u00e9mico, Ariel Rodr\u00edguez Gil, destac\u00f3 que se reafirma una educaci\u00f3n para todos, con servicios educativos en 1,538 centros escolares,en que participan 20,573 estudiantes con discapacidad, lo que representa un 49.53% del total de 3,105&nbsp;centros educativos existentes.<\/p>\n\n\n\n<p>Tambi\u00e9n dijo que,&nbsp;en el periodo escolar 2022,&nbsp;se han desarrollado 2,400 diversos talleres de sensibilizaci\u00f3n para la mejora continua de los procesos inclusivos.<\/p>\n\n\n\n<p>Adem\u00e1s,&nbsp;Meduca-Secretar\u00eda Nacional de Discapacidad&nbsp;desarrollan un plan piloto de Aulas de Recursos. Con apoyostecnol\u00f3gicos, did\u00e1cticos y mobiliarios,&nbsp;adaptados para garantizar el&nbsp;ODS 4. Con una inversi\u00f3n de B\/.250,000&nbsp;para beneficio&nbsp;de&nbsp;4,971 estudiantes.<\/p>\n\n\n\n<p>Este 3 de diciembre,\u00a0al\u00a0celebrarse el D\u00eda Internacional de las Personas con Discapacidad,\u00a0en el Meduca garantizamos la inclusi\u00f3n de todos nuestros estudiantes con el fin de promover la equidad educativa por igual, dijo la directora de\u00a0Educaci\u00f3n Especial,\u00a0Kiria\u00a0Kant.<\/p>\n\n\n\n<figure class=\"wp-block-image size-large\"><a href=\"https:\/\/faranduliandopty.com\/farandula\/wp-content\/uploads\/2022\/12\/SmartSelect_20221204-115544_Gmail.jpg\"><img fetchpriority=\"high\" decoding=\"async\" width=\"1024\" height=\"800\" src=\"https:\/\/faranduliandopty.com\/farandula\/wp-content\/uploads\/2022\/12\/SmartSelect_20221204-115544_Gmail-1024x800.jpg\" alt=\"\" class=\"wp-image-655\" srcset=\"https:\/\/faranduliandopty.com\/farandula\/wp-content\/uploads\/2022\/12\/SmartSelect_20221204-115544_Gmail-1024x800.jpg 1024w, https:\/\/faranduliandopty.com\/farandula\/wp-content\/uploads\/2022\/12\/SmartSelect_20221204-115544_Gmail-300x234.jpg 300w, https:\/\/faranduliandopty.com\/farandula\/wp-content\/uploads\/2022\/12\/SmartSelect_20221204-115544_Gmail-768x600.jpg 768w, https:\/\/faranduliandopty.com\/farandula\/wp-content\/uploads\/2022\/12\/SmartSelect_20221204-115544_Gmail.jpg 1078w\" sizes=\"(max-width: 1024px) 100vw, 1024px\" \/><\/a><\/figure>\n\n\n\n<figure class=\"wp-block-image size-large\"><a href=\"https:\/\/faranduliandopty.com\/farandula\/wp-content\/uploads\/2022\/12\/SmartSelect_20221204-115522_Gmail.jpg\"><img decoding=\"async\" width=\"1024\" height=\"683\" src=\"https:\/\/faranduliandopty.com\/farandula\/wp-content\/uploads\/2022\/12\/SmartSelect_20221204-115522_Gmail-1024x683.jpg\" alt=\"\" class=\"wp-image-654\" srcset=\"https:\/\/faranduliandopty.com\/farandula\/wp-content\/uploads\/2022\/12\/SmartSelect_20221204-115522_Gmail-1024x683.jpg 1024w, https:\/\/faranduliandopty.com\/farandula\/wp-content\/uploads\/2022\/12\/SmartSelect_20221204-115522_Gmail-300x200.jpg 300w, https:\/\/faranduliandopty.com\/farandula\/wp-content\/uploads\/2022\/12\/SmartSelect_20221204-115522_Gmail-768x512.jpg 768w, https:\/\/faranduliandopty.com\/farandula\/wp-content\/uploads\/2022\/12\/SmartSelect_20221204-115522_Gmail.jpg 1078w\" sizes=\"(max-width: 1024px) 100vw, 1024px\" \/><\/a><\/figure>\n\n\n\n<figure class=\"wp-block-image size-large is-resized\"><a href=\"https:\/\/faranduliandopty.com\/farandula\/wp-content\/uploads\/2022\/12\/SmartSelect_20221204-115514_Gmail.jpg\"><img decoding=\"async\" src=\"https:\/\/faranduliandopty.com\/farandula\/wp-content\/uploads\/2022\/12\/SmartSelect_20221204-115514_Gmail-1024x683.jpg\" alt=\"\" class=\"wp-image-656\" width=\"381\" height=\"254\" srcset=\"https:\/\/faranduliandopty.com\/farandula\/wp-content\/uploads\/2022\/12\/SmartSelect_20221204-115514_Gmail-1024x683.jpg 1024w, https:\/\/faranduliandopty.com\/farandula\/wp-content\/uploads\/2022\/12\/SmartSelect_20221204-115514_Gmail-300x200.jpg 300w, https:\/\/faranduliandopty.com\/farandula\/wp-content\/uploads\/2022\/12\/SmartSelect_20221204-115514_Gmail-768x512.jpg 768w, https:\/\/faranduliandopty.com\/farandula\/wp-content\/uploads\/2022\/12\/SmartSelect_20221204-115514_Gmail.jpg 1078w\" sizes=\"(max-width: 381px) 100vw, 381px\" \/><\/a><\/figure>\n\n\n\n<figure class=\"wp-block-image size-large\"><a href=\"https:\/\/faranduliandopty.com\/farandula\/wp-content\/uploads\/2022\/12\/SmartSelect_20221204-115504_Gmail.jpg\"><img loading=\"lazy\" decoding=\"async\" width=\"1024\" height=\"739\" src=\"https:\/\/faranduliandopty.com\/farandula\/wp-content\/uploads\/2022\/12\/SmartSelect_20221204-115504_Gmail-1024x739.jpg\" alt=\"\" class=\"wp-image-652\" srcset=\"https:\/\/faranduliandopty.com\/farandula\/wp-content\/uploads\/2022\/12\/SmartSelect_20221204-115504_Gmail-1024x739.jpg 1024w, https:\/\/faranduliandopty.com\/farandula\/wp-content\/uploads\/2022\/12\/SmartSelect_20221204-115504_Gmail-300x217.jpg 300w, https:\/\/faranduliandopty.com\/farandula\/wp-content\/uploads\/2022\/12\/SmartSelect_20221204-115504_Gmail-768x554.jpg 768w, https:\/\/faranduliandopty.com\/farandula\/wp-content\/uploads\/2022\/12\/SmartSelect_20221204-115504_Gmail.jpg 1078w\" sizes=\"(max-width: 1024px) 100vw, 1024px\" \/><\/a><\/figure>\n\n\n\n<p>El\u00a0Conadis\u00a0lo compone la\u00a0Comisi\u00f3n de Educaci\u00f3n, Familia, Accesibilidad al Medio F\u00edsico, a la comunicaci\u00f3n y la informaci\u00f3n, Derechos Humanos, Salud, Cultura y\u00a0Deportesy la\u00a0Comisi\u00f3n de Trabajo.<\/p>\n\n\n\n<p>El Gobierno Nacional, con esta iniciativa,&nbsp;reafirma&nbsp;elcompromiso&nbsp;de&nbsp;enfocarse en los derechos de las personas con discapacidad,&nbsp;para accionar su empoderamiento en la vida independiente de aquellos individuos<\/p>\n","protected":false},"excerpt":{"rendered":"<p>La XI Reuni\u00f3n Ordinaria del Consejo Nacional de Discapacidad (Conadis) se desarroll\u00f3 con el objetivo de dar seguimiento a las pol\u00edticas p\u00fablicas en materia<\/p>\n","protected":false},"author":3,"featured_media":653,"comment_status":"open","ping_status":"open","sticky":false,"template":"","format":"standard","meta":{"footnotes":""},"categories":[113],"tags":[],"class_list":["post-651","post","type-post","status-publish","format-standard","has-post-thumbnail","hentry","category-actualidad"],"_links":{"self":[{"href":"https:\/\/faranduliandopty.com\/farandula\/wp-json\/wp\/v2\/posts\/651","targetHints":{"allow":["GET"]}}],"collection":[{"href":"https:\/\/faranduliandopty.com\/farandula\/wp-json\/wp\/v2\/posts"}],"about":[{"href":"https:\/\/faranduliandopty.com\/farandula\/wp-json\/wp\/v2\/types\/post"}],"author":[{"embeddable":true,"href":"https:\/\/faranduliandopty.com\/farandula\/wp-json\/wp\/v2\/users\/3"}],"replies":[{"embeddable":true,"href":"https:\/\/faranduliandopty.com\/farandula\/wp-json\/wp\/v2\/comments?post=651"}],"version-history":[{"count":1,"href":"https:\/\/faranduliandopty.com\/farandula\/wp-json\/wp\/v2\/posts\/651\/revisions"}],"predecessor-version":[{"id":657,"href":"https:\/\/faranduliandopty.com\/farandula\/wp-json\/wp\/v2\/posts\/651\/revisions\/657"}],"wp:featuredmedia":[{"embeddable":true,"href":"https:\/\/faranduliandopty.com\/farandula\/wp-json\/wp\/v2\/media\/653"}],"wp:attachment":[{"href":"https:\/\/faranduliandopty.com\/farandula\/wp-json\/wp\/v2\/media?parent=651"}],"wp:term":[{"taxonomy":"category","embeddable":true,"href":"https:\/\/faranduliandopty.com\/farandula\/wp-json\/wp\/v2\/categories?post=651"},{"taxonomy":"post_tag","embeddable":true,"href":"https:\/\/faranduliandopty.com\/farandula\/wp-json\/wp\/v2\/tags?post=651"}],"curies":[{"name":"wp","href":"https:\/\/api.w.org\/{rel}","templated":true}]}}