{"id":756,"date":"2023-01-26T20:21:15","date_gmt":"2023-01-26T20:21:15","guid":{"rendered":"https:\/\/faranduliandopty.com\/farandula\/?p=756"},"modified":"2023-01-26T20:21:16","modified_gmt":"2023-01-26T20:21:16","slug":"amp-y-mire-brindan-asistencia-legala-los-familiares-de-los-tripulantes-desaparecidos-en-el-naufragio-del-sea-voyager-ii","status":"publish","type":"post","link":"https:\/\/faranduliandopty.com\/farandula\/amp-y-mire-brindan-asistencia-legala-los-familiares-de-los-tripulantes-desaparecidos-en-el-naufragio-del-sea-voyager-ii\/","title":{"rendered":"AMP Y MIRE BRINDAN ASISTENCIA LEGAL<br>A LOS FAMILIARES DE LOS TRIPULANTES DESAPARECIDOS EN EL NAUFRAGIO DEL SEA VOYAGER II"},"content":{"rendered":"\n<p>La Autoridad Mar\u00edtima de Panam\u00e1 (AMP) y el Ministerio de Relaciones Exteriores (MIRE) realizaron una reuni\u00f3n con familiares de los tripulantes paname\u00f1os Alcides Jackson \u00c1vila, Rodrigo Roderick Silva Montero y \u00c1ngel Catuy Monserrate, los cuales se mantienen desaparecidos producto del naufragio del remolcador de Registro de Tanzania de nombre \u201cSea Voyager II\u201d, en aguas jurisdiccionales de la Rep\u00fablica de Colombia.<br>Durante el encuentro se manej\u00f3 la posibilidad que, a trav\u00e9s de la Canciller\u00eda paname\u00f1a, se establecieran los mecanismos pertinentes por parte del Estado paname\u00f1o, para lograr un patrocinio legal, cuyo objetivo ser\u00eda que las familias formen parte del proceso administrativo que maneja la Direcci\u00f3n General Mar\u00edtima de Colombia (DIMAR) relativa al a este accidente mar\u00edtimo.<br>La diligencia de audiencia que hab\u00eda establecido DIMAR para el d\u00eda 23 de enero del a\u00f1o 2023, fue reprogramada para el viernes 27 de enero de 2023, la cual cumplir\u00e1 con la finalidad de escuchar a la tripulaci\u00f3n rescatada y al agente mar\u00edtimo de la embarcaci\u00f3n en representaci\u00f3n adem\u00e1s del armador; para establecer las circunstancias de tiempo, modo y lugar en que ocurrieron los hechos, determinar si se prueba o no, las posibles violaciones a las normas de la marina mercante o reglamentos que rigen las actividades mar\u00edtimas, as\u00ed como las dem\u00e1s que sean solicitadas en el desarrollo de la investigaci\u00f3n.<\/p>\n\n\n\n<p>Por los familiares de los desaparecidos asistieron Diovelys Montero, Omaira Jim\u00e9nez, G\u00e9nesis Cuadra y Victor Virulet quienes est\u00e1n de acuerdo con la posibilidad que se gestione una asistencia legal brindada por las autoridades paname\u00f1as, a fin de oficiar las diligencias pertinentes.<\/p>\n\n\n\n<p>Estuvieron presentes por la AMP, la Subdirectora de la Direcci\u00f3n General de la Gente de Mar (DGGM), Isabel Valencia acompa\u00f1ada del Asesor Legal de la Direcci\u00f3n V\u00edctor Camargo S\u00e1nchez y por el MIRE, la Subdirectora de Asesor\u00eda Jur\u00eddica, Ruth Vigil, el Jefe de Servicios Consulares, encargado. Francisco Olivard\u00eda y el Subdirector de Pol\u00edticas Exteriores, Jorge Corrales, adem\u00e1s de manera virtual participaron la Embajadora de Panam\u00e1 en la Rep\u00fablica de Colombia, S.E. Liliana Fern\u00e1ndez y el C\u00f3nsul de Panam\u00e1 en Barranquilla, Lcdo. Luis Wong.<\/p>\n\n\n\n<p>Contin\u00faan las labores de b\u00fasqueda:<br>Es importante agregar que esta reuni\u00f3n se efect\u00faa paralelamente a las labores de b\u00fasqueda, que realizan desde el pasado jueves 19 de enero de 2023, la Rep\u00fablica de Panam\u00e1 y la Rep\u00fablica de Colombia por medios a\u00e9reos y mar\u00edtimos dentro de sus zonas lim\u00edtrofes, para ubicar a los 4 tripulantes que a\u00fan est\u00e1n desaparecidos. Se mantiene la notificaci\u00f3n de aviso a los navegantes en el \u00e1rea del Caribe paname\u00f1o.<\/p>\n\n\n\n<p>Los medios mar\u00edtimos costeros Servicio Nacional Aeronaval (SENAN) y del Servicio Nacional de Fronteras (SENAFRONT) contin\u00faan con las acciones de patrullaje costero en la zona de responsabilidad. Las condiciones del mar en este momento est\u00e1n adversas (fuerte oleaje y vientos).<\/p>\n\n\n\n<p>El \u00e1rea de b\u00fasqueda se ha ampliado tanto para las aguas jurisdiccionales de Colombia como de Panam\u00e1, por lo que se coordina para realizar patrullajes a\u00e9reos en patrones de b\u00fasqueda planificados.<\/p>\n\n\n\n<p>Se desplegar\u00e1 buque multiprop\u00f3sito hasta el \u00e1rea de b\u00fasqueda para cumplir recorridos de b\u00fasqueda, contin\u00faan las acciones de coordinaci\u00f3n con Armada colombiana y la planificaci\u00f3n dentro de nuestro espacio mar\u00edtimo jurisdiccional.<\/p>\n\n\n\n<p>Adem\u00e1s el 25 de enero de 2023, el Jefe del Departamento de Investigaci\u00f3n de Accidentes Mar\u00edtimos de la Direcci\u00f3n General de Marina Mercante (DGMM), Daniel Jaramillo viajar\u00e1 a Cartagena, Colombia, para apoyar con las investigaciones de seguridad de este accidente ocurrido en sus aguas jurisdiccionales, debido a que Panam\u00e1 es un Estado de Inter\u00e9s de Consideraci\u00f3n en este caso, motivo por el cual se reunir\u00e1 con el Jefe de investigaciones Mar\u00edtims de DIMAR, con la Capitan\u00eda de Puertos de Cartagena y dem\u00e1s Autoridades mar\u00edtimas colombianas<\/p>\n","protected":false},"excerpt":{"rendered":"<p>La Autoridad Mar\u00edtima de Panam\u00e1 (AMP) y el Ministerio de Relaciones Exteriores (MIRE) realizaron una reuni\u00f3n con familiares de los tripulantes paname\u00f1os Alcides Jackson<\/p>\n","protected":false},"author":3,"featured_media":758,"comment_status":"open","ping_status":"open","sticky":false,"template":"","format":"standard","meta":{"footnotes":""},"categories":[113],"tags":[],"class_list":["post-756","post","type-post","status-publish","format-standard","has-post-thumbnail","hentry","category-actualidad"],"_links":{"self":[{"href":"https:\/\/faranduliandopty.com\/farandula\/wp-json\/wp\/v2\/posts\/756","targetHints":{"allow":["GET"]}}],"collection":[{"href":"https:\/\/faranduliandopty.com\/farandula\/wp-json\/wp\/v2\/posts"}],"about":[{"href":"https:\/\/faranduliandopty.com\/farandula\/wp-json\/wp\/v2\/types\/post"}],"author":[{"embeddable":true,"href":"https:\/\/faranduliandopty.com\/farandula\/wp-json\/wp\/v2\/users\/3"}],"replies":[{"embeddable":true,"href":"https:\/\/faranduliandopty.com\/farandula\/wp-json\/wp\/v2\/comments?post=756"}],"version-history":[{"count":1,"href":"https:\/\/faranduliandopty.com\/farandula\/wp-json\/wp\/v2\/posts\/756\/revisions"}],"predecessor-version":[{"id":759,"href":"https:\/\/faranduliandopty.com\/farandula\/wp-json\/wp\/v2\/posts\/756\/revisions\/759"}],"wp:featuredmedia":[{"embeddable":true,"href":"https:\/\/faranduliandopty.com\/farandula\/wp-json\/wp\/v2\/media\/758"}],"wp:attachment":[{"href":"https:\/\/faranduliandopty.com\/farandula\/wp-json\/wp\/v2\/media?parent=756"}],"wp:term":[{"taxonomy":"category","embeddable":true,"href":"https:\/\/faranduliandopty.com\/farandula\/wp-json\/wp\/v2\/categories?post=756"},{"taxonomy":"post_tag","embeddable":true,"href":"https:\/\/faranduliandopty.com\/farandula\/wp-json\/wp\/v2\/tags?post=756"}],"curies":[{"name":"wp","href":"https:\/\/api.w.org\/{rel}","templated":true}]}}